[{"@context":"https:\/\/schema.org\/","@type":"Article","@id":"https:\/\/www.etorin.sk\/bude-zima-bude-mraz\/#Article","mainEntityOfPage":"https:\/\/www.etorin.sk\/bude-zima-bude-mraz\/","headline":"Bude zima, bude mr\u00e1z","name":"Bude zima, bude mr\u00e1z","description":"Hoci bude \u0165a\u017ek\u00e9 priv\u00edta\u0165 jese\u0148 a to z viacer\u00fdch d\u00f4vodov \u2013 prich\u00e1dza \u0161kola, hromada povinnost\u00ed pre \u0161tudentov, a pre n\u00e1s &hellip; <p class=\"link-more\"><a href=\"https:\/\/www.etorin.sk\/bude-zima-bude-mraz\/\" class=\"more-link fw-bold\"><span class=\"more-link-arrow me-2 position-relative rounded-circle d-inline-block\"><\/span> Continue reading<span class=\"screen-reader-text\"> \"Bude zima, bude mr\u00e1z\"<\/span><\/a><\/p>","datePublished":"2018-08-22","dateModified":"2018-08-22","author":{"@type":"Person","@id":"https:\/\/www.etorin.sk\/author\/#Person","name":"","url":"https:\/\/www.etorin.sk\/author\/","identifier":1,"image":{"@type":"ImageObject","@id":"https:\/\/secure.gravatar.com\/avatar\/70b0b0c6ef7dca5d65c935edece415df3e99a7281ef835a281ae62fb4236351b?s=96&d=mm&r=g","url":"https:\/\/secure.gravatar.com\/avatar\/70b0b0c6ef7dca5d65c935edece415df3e99a7281ef835a281ae62fb4236351b?s=96&d=mm&r=g","height":96,"width":96}},"publisher":{"@type":"Organization","name":"etorin.sk","logo":{"@type":"ImageObject","@id":"\/logo.png","url":"\/logo.png","width":600,"height":60}},"image":{"@type":"ImageObject","@id":"https:\/\/www.etorin.sk\/wp-content\/uploads\/img_a290700_w16572_t1535997328.jpg","url":"https:\/\/www.etorin.sk\/wp-content\/uploads\/img_a290700_w16572_t1535997328.jpg","height":0,"width":0},"url":"https:\/\/www.etorin.sk\/bude-zima-bude-mraz\/","wordCount":643,"articleBody":"Hoci bude \u0165a\u017ek\u00e9 priv\u00edta\u0165 jese\u0148 a to z viacer\u00fdch d\u00f4vodov \u2013 prich\u00e1dza \u0161kola, hromada povinnost\u00ed pre \u0161tudentov, a pre n\u00e1s v\u0161etk\u00fdch jese\u0148 to znamen\u00e1 aj postupn\u00fa zmenu \u0161atn\u00edka, odlo\u017eenie letn\u00fdch \u0161iat, kra\u0165asov a kr\u00e1tkych tri\u010diek. Namiesto toho za\u010da\u0165 nosi\u0165 mo\u017eno menej atrakt\u00edvne \u010di \u013eahk\u00e9 oble\u010denie. Je na\u010dase vytiahnu\u0165 dlh\u00e9 svetre, rol\u00e1ky, dlh\u00e9 nohavice, v \u010dom sa niekedy c\u00edtime pr\u00edli\u0161 nababu\u0161en\u00ed. Ale aj v zimnom obdob\u00ed m\u00f3dni n\u00e1vrh\u00e1ri prich\u00e1dzaj\u00fa s mno\u017estvom n\u00e1padov. To pre n\u00e1s znamen\u00e1, \u017ee existuj\u00fa sp\u00f4soby ako st\u00e1le vyzera\u0165 dobre, ako sa nevzda\u0165 dobr\u00e9 pocitu zo seba a st\u00e1le vyzera\u0165 dobre a sebavedomo. Pre nich je ka\u017ed\u00e1 jesenno-zimn\u00e1 sez\u00f3na v\u00fdzvou. M\u00f3dne domy musia ka\u017ed\u00fa zimu pr\u00eds\u0165 s nie\u010d\u00edm nov\u00fdm a svie\u017eim. Ve\u013ea \u013eud\u00ed, ktor\u00e9 tie trendy sleduje sa in\u0161piruje, a dokonca je ochotn\u00fdch aj cel\u00fd svoj \u0161atn\u00edk vymeni\u0165 len na jednu sez\u00f3nu. Pokia\u013e medzi t\u00fdchto \u013eud\u00ed ale nepatr\u00edte, m\u00e1me pre V\u00e1s p\u00e1r r\u00e1d ako t\u00fato zimu m\u00f4\u017eete vyzera\u0165 in a st\u00e1le nosi\u0165 to, \u010do rok predt\u00fdm. 1. Dobr\u00e1, tepl\u00e1 bunda T\u00e1 je v zime z\u00e1klad, a to V\u00e1m povie ka\u017ed\u00fd. Tepl\u00e9 bundy nenos\u00edme len na \u0161portov\u00e9 aktivity, ale aj na ka\u017ed\u00fd de\u0148. Ak v\u0161ak nechcete vyzera\u0165 pr\u00edli\u0161 nudne, le\u017e\u00e9rne \u010di \u0161portovo, sta\u010d\u00ed si len vybra\u0165. nejak\u00fa v pestr\u00fdch farb\u00e1ch, mo\u017eno prejs\u0165 aj na \u0161portovo-elegantn\u00fa. \u00c1no, a e\u0161te lep\u0161ie bude, ak to bude p\u00e1perov\u00e1. 2. Sukne nie s\u00fa odp\u00edsan\u00e9 \u017deny maj\u00fa vsugerovan\u00e9, \u017ee sa musia cez toto obdobie \u00faplne zriec\u0165 v\u0161etk\u00fdch \u0161iat a sukn\u00ed, ktor\u00e9 im pom\u00e1haj\u00fa c\u00edti\u0165 sa pr\u00edjemne \u017eensky. E\u0161te st\u00e1le v\u0161ak m\u00e1te p\u00e1r \u0161iat s dlh\u00fdm ruk\u00e1vom alebo z teplej\u0161\u00edch materi\u00e1lov. Sukne takisto netreba odklada\u0165, nikde nie je nap\u00edsan\u00e9, \u017ee mus\u00edte prejs\u0165 strikte k noseniu nohav\u00edc. Okrem toho v kombin\u00e1ci\u00ed s tepl\u00fdm a \u0161t\u00fdlov\u00fdm svetrom, m\u00f4\u017eete vytvori\u0165 nie\u010do ve\u013emi pr\u00edjemn\u00e9, \u017eensk\u00e9 aj tepl\u00e9! 3. Zamat na zimu Zamat ako materi\u00e1l je ve\u013emi dobr\u00fd materi\u00e1l, vyvol\u00e1va pocit tepla, na dotyk je tie\u017e hebk\u00fd a pr\u00edjemn\u00fd. Tento rok bud\u00fa fr\u010da\u0165 \u0161aty aj bundy z tohto materi\u00e1lu a op\u00e4\u0165 \u2013 v pestr\u00fdch farb\u00e1ch. 4. Kvety a farebn\u00e9 aplik\u00e1cie Mo\u017eno nezvy\u010dajn\u00e9, no st\u00e1le sa bav\u00edme o jesenno-zimnom obdob\u00ed a ich pou\u017eiti na zimn\u00fdch bund\u00e1ch \u010di svetroch V\u00e1m m\u00f4\u017eu len spestri\u0165 aj toto ro\u010dn\u00e9 obdobie. 5. Pohodln\u00e9 svetre a pul\u00f3vre Tie tu s\u00fa a bud\u00fa ka\u017ed\u00fa zimu a my sa ich ani nechceme zbavi\u0165! Okrem toho, \u017ee s\u00fa ve\u013emi pohodln\u00e9, zahrej\u00fa n\u00e1s, m\u00f4\u017eeme si ich zaobstara\u0165 v akomko\u013evek preveden\u00ed. Pestr\u00e9 a \u017eiariv\u00e9 farby lahodia niektor\u00fdm, a jednoduch\u00e9 farby ako biela, maslov\u00e1 \u010di telov\u00e1 a siv\u00e1, niekomu in\u00e9mu. Sta\u010d\u00ed si vybra\u0165. 6. A op\u00e4\u0165 je to tu! Osemdesiate s\u00fa u\u017e d\u00e1vno za nami, no m\u00f3da z tohto obdobia m\u00f4\u017ee in\u0161pirova\u0165 m\u00f3dnych n\u00e1vrh\u00e1rov aj doteraz. A \u00e1no, s\u00fa to sl\u00e1vne vypch\u00e1vky na ramen\u00e1ch. Je na v\u00e1s, \u010di si ich aj vy t\u00fato sez\u00f3nu prisvoj\u00edte, no oni bud\u00fa t\u00fato sez\u00f3nu op\u00e4\u0165 in.Ak ste mali pochybnosti, \u010do je in a zahreje &#8211; vid\u00edte, \u017ee m\u00f3da sa ned\u00e1 chladn\u00fdmi teplotami odradi\u0165, a st\u00e1le vie pr\u00eds\u0165 s nie\u010d\u00edm nov\u00fdm a atrakt\u00edvnym. Sta\u010d\u00ed len trochu citu pre m\u00f3du, p\u00e1r trikov a aj zima bude tento rok Va\u0161a!                                                                                                                                                                                                                                                                                                                                                                                                "},{"@context":"https:\/\/schema.org\/","@type":"BreadcrumbList","itemListElement":[{"@type":"ListItem","position":1,"name":"Bude zima, bude mr\u00e1z","item":"https:\/\/www.etorin.sk\/bude-zima-bude-mraz\/#breadcrumbitem"}]}]