[{"@context":"https:\/\/schema.org\/","@type":"Article","@id":"https:\/\/www.etorin.sk\/rozzarte-svoj-stromcek\/#Article","mainEntityOfPage":"https:\/\/www.etorin.sk\/rozzarte-svoj-stromcek\/","headline":"Rozz\u00e1rte svoj strom\u010dek","name":"Rozz\u00e1rte svoj strom\u010dek","description":"Vianoce u\u017e boli a \u010fal\u0161ie bud\u00fa a\u017e za dlh\u00fa dobu. To ale nevid\u00ed. Aj tak m\u00f4\u017eete ma\u0165 n\u00e1skok a zaobstara\u0165 &hellip; <p class=\"link-more\"><a href=\"https:\/\/www.etorin.sk\/rozzarte-svoj-stromcek\/\" class=\"more-link fw-bold\"><span class=\"more-link-arrow me-2 position-relative rounded-circle d-inline-block\"><\/span> Continue reading<span class=\"screen-reader-text\"> \"Rozz\u00e1rte svoj strom\u010dek\"<\/span><\/a><\/p>","datePublished":"2023-12-18","dateModified":"2024-02-21","author":{"@type":"Person","@id":"https:\/\/www.etorin.sk\/author\/#Person","name":"","url":"https:\/\/www.etorin.sk\/author\/","identifier":1,"image":{"@type":"ImageObject","@id":"https:\/\/secure.gravatar.com\/avatar\/70b0b0c6ef7dca5d65c935edece415df3e99a7281ef835a281ae62fb4236351b?s=96&d=mm&r=g","url":"https:\/\/secure.gravatar.com\/avatar\/70b0b0c6ef7dca5d65c935edece415df3e99a7281ef835a281ae62fb4236351b?s=96&d=mm&r=g","height":96,"width":96}},"publisher":{"@type":"Organization","name":"etorin.sk","logo":{"@type":"ImageObject","@id":"\/logo.png","url":"\/logo.png","width":600,"height":60}},"image":{"@type":"ImageObject","@id":"https:\/\/www.etorin.sk\/wp-content\/uploads\/christmas-4139679_1280.jpg","url":"https:\/\/www.etorin.sk\/wp-content\/uploads\/christmas-4139679_1280.jpg","height":0,"width":0},"url":"https:\/\/www.etorin.sk\/rozzarte-svoj-stromcek\/","about":["N\u00e1kupy"],"wordCount":428,"articleBody":"      Vianoce u\u017e boli a \u010fal\u0161ie bud\u00fa a\u017e za dlh\u00fa dobu. To ale nevid\u00ed. Aj tak m\u00f4\u017eete ma\u0165 n\u00e1skok a zaobstara\u0165 si modern\u00e9 sveteln\u00e9 re\u0165aze na viano\u010dn\u00fd strom\u010dek. Viano\u010dn\u00fd strom\u010dek je tak\u00e1 trad\u00edcia u n\u00e1s v \u010ceskej republike &#8211; bez neho jednoducho ako by Vianoce ani neboli. Ke\u010f si toti\u017e vybav\u00edme Vianoce, prv\u00e9, \u010do n\u00e1s v\u00e4\u010d\u0161inou napadne, b\u00fdva pr\u00e1ve viano\u010dn\u00fd strom\u010dek, ktor\u00fd je n\u00e1dherne ozdoben\u00fd. Z\u00e1\u017eitok to je predov\u0161etk\u00fdm pre deti \u2013 deti s\u00fa z viano\u010dn\u00e9ho n\u00e1dherne ozdoben\u00e9ho strom\u010deka a svetielok unesen\u00e9, a \u010do viac \u2013 ka\u017ed\u00fd rok sa te\u0161ia na dar\u010deky, ktor\u00e9 pod viano\u010dn\u00fdm strom\u010dekom n\u00e1jdu. Ja m\u00e1m rok a pol dc\u00e9ru a pre\u017eili sme spolu u\u017e dvoje Vianoce.A mus\u00edm poveda\u0165, \u017ee sa s \u0148ou vlastne vraciam do detstva. Pre\u017e\u00edvam to s \u0148ou. A preto\u017ee m\u00e1 rok a pol, u\u017e to dos\u0165 vn\u00edma a je z Vianoc nad\u0161en\u00e1. Niekto si s\u00edce m\u00f4\u017ee poveda\u0165, \u017ee som bl\u00e1zon a \u017ee rok a pol ro\u010dn\u00e9ho die\u0165a predsa e\u0161te nem\u00f4\u017ee pre\u017e\u00edva\u0165 Vianoce \u2013 ale mne je to jedno, nech si ka\u017ed\u00fd mysl\u00ed to, \u010do chce. Aj pre m\u0148a Vianoce maj\u00fa \u0161peci\u00e1lny v\u00fdznam. Nie z h\u013eadiska dar\u010dekov, ale sk\u00f4r toho, \u017ee str\u00e1vim \u010das s rodinou a bl\u00edzkymi. To je na tom to najkraj\u0161ie. Ke\u010f sa m\u00f4\u017eeme v\u0161etci stretn\u00fa\u0165 pri stole, spieva\u0165 viano\u010dn\u00e9 koledy a vyklada\u0165 si. To je to najcennej\u0161ie, \u010do m\u00f4\u017ee by\u0165.A ka\u017ed\u00fd by si to mal uvedomi\u0165. Niekto s\u00edce prahne po dar\u010dekoch, novom telef\u00f3ne, notebooku alebo X-boxe, ale to prav\u00e9 k\u00fazlo Vianoc je \u00faplne niekde inde. \u010casom na to sn\u00e1\u010f ka\u017ed\u00fd pr\u00edde. Kr\u00e1sne je tie\u017e za\u017ei\u0165, ke\u010f pr\u00e1ve na \u0160tedr\u00fd de\u0148 sne\u017e\u00ed. Ja m\u00e1m rada sneh, ale pozorujem ho len z dia\u013eky, zimu ve\u013emi v l\u00e1ske nem\u00e1m. Ka\u017ed\u00fd rok som zvyknut\u00e1 na na\u0161e klasick\u00e9 trad\u00edcie, ktor\u00e9 mi asi nikto z hlavy nevyma\u017ee \u2013 na kapra a rezne so zemiakovou ka\u0161ou, alebo so zemiakov\u00fdm \u0161al\u00e1tom. Ob\u010das si na Vianoce d\u00e1m aj pe\u010divo, ale to je m\u00e1lokedy. Sk\u00f4r sa te\u0161\u00edm na hlavn\u00fd chod \u0160tedrove\u010dern\u00e9ho ve\u010dera. M\u00e1me v\u017edy n\u00e1dhern\u00fa atmosf\u00e9ru doma, ktor\u00fa si ve\u013emi u\u017e\u00edvam.                                                                                                                                                                                                                                                                                                                                                                                                  "},{"@context":"https:\/\/schema.org\/","@type":"BreadcrumbList","itemListElement":[{"@type":"ListItem","position":1,"name":"Rozz\u00e1rte svoj strom\u010dek","item":"https:\/\/www.etorin.sk\/rozzarte-svoj-stromcek\/#breadcrumbitem"}]}]