[{"@context":"https:\/\/schema.org\/","@type":"Article","@id":"https:\/\/www.etorin.sk\/zimy-sa-uz-nemusite-obavat\/#Article","mainEntityOfPage":"https:\/\/www.etorin.sk\/zimy-sa-uz-nemusite-obavat\/","headline":"Zimy sa u\u017e nemus\u00edte ob\u00e1va\u0165","name":"Zimy sa u\u017e nemus\u00edte ob\u00e1va\u0165","description":"\u0164a\u017eko sa d\u00e1 predstavi\u0165 si kr\u00e1su a kochanie sa poh\u013eadom na zamrznut\u00fd svet ke\u010f sa trasieme od zimy a najrad\u0161ej &hellip; <p class=\"link-more\"><a href=\"https:\/\/www.etorin.sk\/zimy-sa-uz-nemusite-obavat\/\" class=\"more-link fw-bold\"><span class=\"more-link-arrow me-2 position-relative rounded-circle d-inline-block\"><\/span> Continue reading<span class=\"screen-reader-text\"> \"Zimy sa u\u017e nemus\u00edte ob\u00e1va\u0165\"<\/span><\/a><\/p>","datePublished":"2022-08-13","dateModified":"2022-08-13","author":{"@type":"Person","@id":"https:\/\/www.etorin.sk\/author\/#Person","name":"","url":"https:\/\/www.etorin.sk\/author\/","identifier":1,"image":{"@type":"ImageObject","@id":"https:\/\/secure.gravatar.com\/avatar\/70b0b0c6ef7dca5d65c935edece415df3e99a7281ef835a281ae62fb4236351b?s=96&d=mm&r=g","url":"https:\/\/secure.gravatar.com\/avatar\/70b0b0c6ef7dca5d65c935edece415df3e99a7281ef835a281ae62fb4236351b?s=96&d=mm&r=g","height":96,"width":96}},"publisher":{"@type":"Organization","name":"etorin.sk","logo":{"@type":"ImageObject","@id":"\/logo.png","url":"\/logo.png","width":600,"height":60}},"image":{"@type":"ImageObject","@id":"https:\/\/www.etorin.sk\/wp-content\/uploads\/girl-1039729__340.jpg","url":"https:\/\/www.etorin.sk\/wp-content\/uploads\/girl-1039729__340.jpg","height":0,"width":0},"url":"https:\/\/www.etorin.sk\/zimy-sa-uz-nemusite-obavat\/","wordCount":414,"articleBody":"   \u0164a\u017eko sa d\u00e1 predstavi\u0165 si kr\u00e1su a kochanie sa poh\u013eadom na zamrznut\u00fd svet ke\u010f sa trasieme od zimy a najrad\u0161ej by sme sa niekam schovali. Na\u0161\u0165astie, tak\u00fdchto pr\u00edpadov sa u\u017e b\u00e1\u0165 nemus\u00edte \u2013 sta\u010d\u00ed zvoli\u0165 spr\u00e1vne oble\u010denie, ktor\u00e9 kr\u00e1sne zahreje a m\u00f4\u017eete si aj Vy zimn\u00e9 obdobie u\u017e\u00edva\u0165 pln\u00fdmi d\u00fa\u0161kami a neob\u00e1va\u0165 sa viac chladu. Preva\u017ene d\u00e1my d\u00e1vaj\u00fa ve\u013ek\u00fd d\u00f4raz tomu, aby zimn\u00e1 bunda predov\u0161etk\u00fdm dobre vyzerala, funk\u010dnos\u0165 d\u00e1vaj\u00fa a\u017e na druh\u00e9 miesto. Mil\u00e9 d\u00e1my, m\u00e1me pre V\u00e1s dobr\u00fa spr\u00e1vu, d\u00e1 sa to aj inak. P\u00fdtate sa ako? Existuj\u00fa zimn\u00e9 bundy, u ktor\u00fdch je dizajn a trendy \u0161t\u00fdl sk\u013aben\u00fd do jednotn\u00e9ho celku, ktor\u00e9ho v\u00fdsledkom s\u00fa dokonal\u00e9 zimn\u00e9 bundy ktor\u00e9 budete milova\u0165 a aj v\u010faka nim sa budete te\u0161i\u0165 na studen\u00e9 mesiace o nie\u010do viac.Niektor\u00e9 z V\u00e1s maj\u00fa rad\u0161ej zimn\u00e9 bundy krat\u0161ie alebo do p\u00e1sa, tie zimomravej\u0161ie preferuj\u00fa dlh\u0161ie bundi\u010dky, ktor\u00e9 ich zahrej\u00fa ove\u013ea lep\u0161ie. Dlh\u00e9 zimn\u00e9 bundy sa v posledn\u00fdch rokoch dost\u00e1vaj\u00fa do popredia aj v\u010faka tomu, \u017ee d\u00e1my klad\u00fa v\u00e4\u010d\u0161\u00ed d\u00f4raz na zahriatie ako na samotn\u00fd \u0161t\u00fdl, \u010do plat\u00ed hlavne pre bundi\u010dky ktor\u00e9 s\u00edce na prv\u00fd poh\u013ead dobre vyzeraj\u00fa ale ich hlavn\u00e1 funkcia ktorou je zahria\u0165 V\u00e1s je niekde na ved\u013eaj\u0161ej ko\u013eaji. Bigstarjeans.sk V\u00e1s op\u00e4\u0165 pr\u00edjemne prekvap\u00ed svojou \u0161irokou ponukou dlh\u00fdch zimn\u00fdch b\u00fand pre d\u00e1my, ktor\u00e9 si chc\u00fa zimn\u00e9 mesiace u\u017ei\u0165 bez ob\u00e1v a vyzera\u0165 pritom \u0161t\u00fdlovo. Zimn\u00e9 bundy pod\u013ea najnov\u0161\u00edch trendov v modern\u00fdch farb\u00e1ch, ktor\u00e9 vo V\u00e1s vyvolaj\u00fa pocit ako v bavlnke \u2013 pr\u00edjemn\u00fd na dotyk a tepl\u00fd z vn\u00fatra \u010do je presne t\u00e1 kombin\u00e1cia, ktor\u00fa by ste v zime za ni\u010d in\u00e9 nevymenili. V klasick\u00fdch farb\u00e1ch ktor\u00e9 kr\u00e1\u010daj\u00fa s m\u00f3dou u\u017e dlh\u00e9 roky alebo pokojne aj vo Va\u0161ej ob\u013e\u00fabenej farbe \u2013 v\u0161etky ich n\u00e1jdete u n\u00e1s na bigstarjean.sk. Ak je u\u017e leto nen\u00e1vratne pre\u010d a slnie\u010dko je zubat\u00e9, je najvy\u0161\u0161\u00ed \u010das porozhliadnu\u0165 sa po novej zimnej bunde aby V\u00e1s chlad a mr\u00e1z nezasko\u010dil \u2013 s na\u0161imi bundami m\u00f4\u017eete zimu priv\u00edta\u0165 so \u0161irok\u00fdm \u00fasmevom na tv\u00e1ri.                                                                                                                                                                                                                                                                                                                                                                                                   "},{"@context":"https:\/\/schema.org\/","@type":"BreadcrumbList","itemListElement":[{"@type":"ListItem","position":1,"name":"Zimy sa u\u017e nemus\u00edte ob\u00e1va\u0165","item":"https:\/\/www.etorin.sk\/zimy-sa-uz-nemusite-obavat\/#breadcrumbitem"}]}]